{"id":141,"date":"2022-07-26T16:11:32","date_gmt":"2022-07-26T16:11:32","guid":{"rendered":"https:\/\/congerpirat.de\/ab-hier-geht-es-los\/?p=141"},"modified":"2022-07-26T16:11:32","modified_gmt":"2022-07-26T16:11:32","slug":"verraten-und-verkauft","status":"publish","type":"post","link":"https:\/\/congerpirat.de\/ab-hier-geht-es-los\/verraten-und-verkauft\/","title":{"rendered":"Verraten Und Verkauft"},"content":{"rendered":"<p>Ich f\u00fchle mich von der deutschen Regierung verraten und verkauft.<\/p>\n<p>Profilierungss\u00fcchtige und machtgeile ohne Ausbildung haben sich in den Bundestag geschlichen. Ihre Ideologie ist fragw\u00fcrdig, jedoch von denen, die fragen sollten, fragt keiner. Es gab Zeiten in Deutschland, da Intellektuelle, K\u00fcnstler und Journalisten es noch als ihre Aufgabe sahen zu hinterfragen, egal um was es ging. Nun schweigen sie oder bek\u00e4mpfen ihresgleichen, so sie Fragen stellen. Mittlerweile ist es sogar soweit, dass die Regierung gegen jenen Teil der Bev\u00f6lkerung, welcher nicht vorauseilenden Gehorsam \u00fcbt, mit Gewalt vorgehen wird. So etwa hat die &#8222;<span class=\"mw-headline\">Bundesministerin des Innern und f\u00fcr Heimat&#8220;<\/span>\u00a0im Sommer schon jene Menschen vorverurteilt, die eventuell im Herbst zu den Demos auf die Stra\u00dfe gehen. Ihrer \u00f6ffentlich ge\u00e4u\u00dferten Meinung nach sind diese rechtsradikal. Jeder B\u00fcrger also, der nicht mit dem aktuellen politischen Kurs der Bundesregierung einverstanden ist. Die Parole lautet: Wer nicht mit uns ist, ist gegen uns. Die gegen Andersdenkende angedrohte massive Gewalt erinnert mich stark an einige Begebenheiten in dem Land, aus dem ich stamme, der DDR. Das dieses Land durch letztendlich friedliche Aktionen sein Ende fand, war ein gl\u00fccklicher Umstand und ist dem umsichtigen Handeln einiger weniger geschuldet. Gleiches wird so mit Sicherheit in Deutschland nie wieder geschehen. Ich sage f\u00fcr den Herbst blutige Gemetzel voraus, sollten Polizei und Bundeswehr ihrem geleisteten, aber mittlerweile \u00fcberholtem, Eid folgen und wild um sich pr\u00fcgelnd (und schie\u00dfend?) die aufbegehrende Masse versuchen in Schach zu halten. Chile 1973 k\u00f6nnte hier als Vorbild herhalten. Und sollten Milit\u00e4r und Polizei, waffenstarrende Schwarze Schwadronen, ihre gemeinsame St\u00e4rke erkennen, schlie\u00dfe ich einen Putsch nicht aus. Politiker, schon immer Marionetten, werden dann von anderen Marionetten gef\u00fchrt. Und immer weiter dreht sich das Rad um Macht und gegen das Volk. Letztendlich kann es nur beendet werden durch einen solidarischen Generalstreik. Wenn sich das Volk aus den St\u00e4dten zur\u00fcckzieht und in den W\u00e4ldern versteckt.<\/p>\n","protected":false},"excerpt":{"rendered":"<p>Ich f\u00fchle mich von der deutschen Regierung verraten und verkauft. Profilierungss\u00fcchtige und machtgeile ohne Ausbildung haben sich in den Bundestag geschlichen. Ihre Ideologie ist fragw\u00fcrdig, jedoch von denen, die fragen sollten, fragt keiner. Es gab Zeiten in Deutschland, da Intellektuelle, K\u00fcnstler und Journalisten es noch als ihre Aufgabe sahen zu hinterfragen, egal um was es [&hellip;]<\/p>\n","protected":false},"author":1,"featured_media":0,"comment_status":"closed","ping_status":"open","sticky":false,"template":"","format":"standard","meta":{"footnotes":""},"categories":[1],"tags":[],"class_list":["post-141","post","type-post","status-publish","format-standard","hentry","category-uncategorized"],"_links":{"self":[{"href":"https:\/\/congerpirat.de\/ab-hier-geht-es-los\/wp-json\/wp\/v2\/posts\/141","targetHints":{"allow":["GET"]}}],"collection":[{"href":"https:\/\/congerpirat.de\/ab-hier-geht-es-los\/wp-json\/wp\/v2\/posts"}],"about":[{"href":"https:\/\/congerpirat.de\/ab-hier-geht-es-los\/wp-json\/wp\/v2\/types\/post"}],"author":[{"embeddable":true,"href":"https:\/\/congerpirat.de\/ab-hier-geht-es-los\/wp-json\/wp\/v2\/users\/1"}],"replies":[{"embeddable":true,"href":"https:\/\/congerpirat.de\/ab-hier-geht-es-los\/wp-json\/wp\/v2\/comments?post=141"}],"version-history":[{"count":1,"href":"https:\/\/congerpirat.de\/ab-hier-geht-es-los\/wp-json\/wp\/v2\/posts\/141\/revisions"}],"predecessor-version":[{"id":142,"href":"https:\/\/congerpirat.de\/ab-hier-geht-es-los\/wp-json\/wp\/v2\/posts\/141\/revisions\/142"}],"wp:attachment":[{"href":"https:\/\/congerpirat.de\/ab-hier-geht-es-los\/wp-json\/wp\/v2\/media?parent=141"}],"wp:term":[{"taxonomy":"category","embeddable":true,"href":"https:\/\/congerpirat.de\/ab-hier-geht-es-los\/wp-json\/wp\/v2\/categories?post=141"},{"taxonomy":"post_tag","embeddable":true,"href":"https:\/\/congerpirat.de\/ab-hier-geht-es-los\/wp-json\/wp\/v2\/tags?post=141"}],"curies":[{"name":"wp","href":"https:\/\/api.w.org\/{rel}","templated":true}]}}