{"id":153,"date":"2022-12-04T18:43:14","date_gmt":"2022-12-04T18:43:14","guid":{"rendered":"https:\/\/congerpirat.de\/ab-hier-geht-es-los\/?p=153"},"modified":"2022-12-04T18:58:27","modified_gmt":"2022-12-04T18:58:27","slug":"blackout","status":"publish","type":"post","link":"https:\/\/congerpirat.de\/ab-hier-geht-es-los\/blackout\/","title":{"rendered":"Blackout"},"content":{"rendered":"\n<p>Noch vor einem Jahr, wenn jemand das Wort Blackout aussprach, wurde man verlacht, als Verschw\u00f6rungstheoretiker verlacht, es wurde abgewunken, man wurde abgestempelt.<\/p>\n\n\n\n<p>Heute ist Blackout in aller Munde, in allen Medien, ja selbst die Regierung scheut nicht mehr davor zur\u00fcck \u00d6l ins Feuer der \u00c4ngstlichen zu gie\u00dfen.<\/p>\n\n\n\n<p>Blackout ist aber nicht \u00fcberall das selbe. Es gibt genug Menschen, die sich vorbereitet habe. Eben so viele aber auch, die dies nicht taten. Vielleicht nicht einmal, weil sie an einen solchen nicht glauben, eher, weil sie es sich nicht leisten k\u00f6nnen Vorr\u00e4te anzulegen.<\/p>\n\n\n\n<p>Am schlimmsten wird sein, dass man im Notfall keine Hilfe mehr holen kann, da die Telefone stumm bleiben. Wasser zu trinken wird man noch haben, aber aufs Klo gehen f\u00e4llt dann schon aus, was besonders hart jene in gro\u00dfen Mehrfamilienh\u00e4usern treffen wird. Ich rate dazu sich Eimer, M\u00fcllbeutel und Klopapier beiseite zu legen.<\/p>\n\n\n\n<p>Anfangs wird man noch fahren k\u00f6nnen, nicht mit dem \u00d6PNV, aber so lange noch Sprit im Tank ist. Tankstellen bleiben zu. Auch die Discounter. Kein Hahn aber kr\u00e4ht danach, wenn die Scheiben bersten. <\/p>\n\n\n\n<p>Noch wird Polizei und Bundeswehr patrouillieren, aber schon bald wird auch bei den Sicherheitskr\u00e4ften die Familie Vorrang haben. Alle werden erkennen, dass es wenig Sinn hat Regierungsgeb\u00e4ude und Politiker, welche schlie\u00dflich das Chaos erst erm\u00f6glicht haben und nichts unternahmen um es zu verhindern, eher durch ihre politischen Entscheidungen erst daf\u00fcr sorgten, dass es m\u00f6glich wurde, zu sch\u00fctzen. Und kein Volk dieser Welt wird dann davon abzuhalten sein, diesen Moment zu erkennen und seine Chance zu nutzen.<\/p>\n\n\n\n<p>So viel, oder besser, so wenig, zum urbanen Raum.<\/p>\n\n\n\n<p>Auf dem Lande wird man gewappnet sein. Hier gibt es noch Gemeinschaften. Brot wird im Holzofen gebacken, die H\u00fchner legen nach wie vor, Kartoffeln sind gebunkert, Wasser kommt aus dem eigenen Brunnen. Man wird sich unterst\u00fctzen und in der Lage sein sich zu verteidigen. J\u00e4ger gibt es \u00fcberall. Wer wird schon danach fragen, ob das da in der D\u00e4mmerung ein Wolf war, der sich der Herde n\u00e4hert oder ein St\u00e4dter.<\/p>\n\n\n\n<p>Jedoch: Ich hoffe sehr, dass wir von einem solchen Szenario verschont bleiben. <\/p>\n","protected":false},"excerpt":{"rendered":"<p>Noch vor einem Jahr, wenn jemand das Wort Blackout aussprach, wurde man verlacht, als Verschw\u00f6rungstheoretiker verlacht, es wurde abgewunken, man wurde abgestempelt. Heute ist Blackout in aller Munde, in allen Medien, ja selbst die Regierung scheut nicht mehr davor zur\u00fcck \u00d6l ins Feuer der \u00c4ngstlichen zu gie\u00dfen. Blackout ist aber nicht \u00fcberall das selbe. Es [&hellip;]<\/p>\n","protected":false},"author":1,"featured_media":0,"comment_status":"closed","ping_status":"open","sticky":false,"template":"","format":"standard","meta":{"footnotes":""},"categories":[1],"tags":[85],"class_list":["post-153","post","type-post","status-publish","format-standard","hentry","category-uncategorized","tag-blackout"],"_links":{"self":[{"href":"https:\/\/congerpirat.de\/ab-hier-geht-es-los\/wp-json\/wp\/v2\/posts\/153","targetHints":{"allow":["GET"]}}],"collection":[{"href":"https:\/\/congerpirat.de\/ab-hier-geht-es-los\/wp-json\/wp\/v2\/posts"}],"about":[{"href":"https:\/\/congerpirat.de\/ab-hier-geht-es-los\/wp-json\/wp\/v2\/types\/post"}],"author":[{"embeddable":true,"href":"https:\/\/congerpirat.de\/ab-hier-geht-es-los\/wp-json\/wp\/v2\/users\/1"}],"replies":[{"embeddable":true,"href":"https:\/\/congerpirat.de\/ab-hier-geht-es-los\/wp-json\/wp\/v2\/comments?post=153"}],"version-history":[{"count":3,"href":"https:\/\/congerpirat.de\/ab-hier-geht-es-los\/wp-json\/wp\/v2\/posts\/153\/revisions"}],"predecessor-version":[{"id":156,"href":"https:\/\/congerpirat.de\/ab-hier-geht-es-los\/wp-json\/wp\/v2\/posts\/153\/revisions\/156"}],"wp:attachment":[{"href":"https:\/\/congerpirat.de\/ab-hier-geht-es-los\/wp-json\/wp\/v2\/media?parent=153"}],"wp:term":[{"taxonomy":"category","embeddable":true,"href":"https:\/\/congerpirat.de\/ab-hier-geht-es-los\/wp-json\/wp\/v2\/categories?post=153"},{"taxonomy":"post_tag","embeddable":true,"href":"https:\/\/congerpirat.de\/ab-hier-geht-es-los\/wp-json\/wp\/v2\/tags?post=153"}],"curies":[{"name":"wp","href":"https:\/\/api.w.org\/{rel}","templated":true}]}}