{"id":168,"date":"2023-05-07T09:05:03","date_gmt":"2023-05-07T09:05:03","guid":{"rendered":"https:\/\/congerpirat.de\/ab-hier-geht-es-los\/?p=168"},"modified":"2023-05-07T09:05:03","modified_gmt":"2023-05-07T09:05:03","slug":"was-haben-wir-nur-getan","status":"publish","type":"post","link":"https:\/\/congerpirat.de\/ab-hier-geht-es-los\/was-haben-wir-nur-getan\/","title":{"rendered":"Was haben wir nur getan?"},"content":{"rendered":"<p>&nbsp;<\/p>\n<p>Geht man davon aus, dass die Menschen glauben, selbst an der Zusammensetzung der sie Regierenden beteiligt zu sein, stelle ich fest, das dem nicht so ist.<\/p>\n<p>Ausgehend von der Bundestagswahl 2021 liegt klar auf der Hand, r\u00fcckblickend auf die Versprechen von den Wahlplakaten herunter, man muss sich eingestehen, einer T\u00e4uschung aufgesessen zu sein. Aus den Wahlversprechen Frieden und Wohlstand wurden Krieg und schwindender Wohlstand. Und niemand kann die Regierenden f\u00fcr ihre L\u00fcgen zur Verantwortung ziehen, da sie auf Grund des Gesetzes unantastbar sind. Und auch eine Bundestagsneuwahl ist ausgeschlossen, es sei denn, die Regierung w\u00fcrde von selbst sich ihre Unf\u00e4higkeit eingestehen und geschlossen zur\u00fccktreten. Dieser Fall jedoch wird meiner Meinung nach nicht, niemals, eintreten, da, erst einmal an der Macht, diese Menschen ihre Positionen nicht aufgeben, schon garnicht f\u00fcr das Wohl Menschheit. Dies schlu\u00dffolgere ich aus der Tatsache, dass sie gewillt sind, einer Sekte gleich, ein hochtechnisches Industrieland in den Abgrund zu st\u00fcrzen, nur um einer Ideologie Willen.<\/p>\n<p>Und immer wieder stellt sich mir die Frage, was hat eine Gruppe Verschworener davon \u00fcberzeugt, die Welt retten zu k\u00f6nnen, in dem man nur einem einzigen Land die Timeline zur\u00fcckdreht und es in k\u00fcrzester Zeit in den Zustand vor den Napoleonischen Kriegen versetzt.<\/p>\n<p>Dabei wird die Tatsache, dass die in Deutschland weniger erzeugten umweltsch\u00e4dlichen Emissionen zuk\u00fcnftig im Rest der Welt doppelt und dreifach produziert werden, vollkommen au\u00dfer Acht gelassen.<\/p>\n<p>Nicht nur, das die Umstellung der Infrastruktur Unmengen an Geld verschlingen wird, das wir nicht haben, das diese Infrastruktur umgebaut werden muss von Fachkr\u00e4ften, die in hoher Zahl fehlen, wird der Verbrauch elektrischer Energie in horrenden Ma\u00dfe steigen, was dazu f\u00fchrt, das diese importiert werden mu\u00df aus L\u00e4ndern, die diese ausschlie\u00dflich<span class=\"Apple-converted-space\">\u00a0 <\/span>mittels Verbrennens von Kohle oder Gas und dem betreiben von Atomkraftwerken produziert wird. Hinzukommt, dass immer weniger Deutsche arbeiten und immer mehr Migranten hier leben und finanziert werden, die keine Steuern zahlen, da es ihnen verwehrt ist f\u00fcr ihren Lebensunterhalt selbst zu sorgen, so lange ihr Status nicht eindeutig gekl\u00e4rt ist. Und sollte diese Pr\u00fcfung wirklich zu ihren Gunsten ausfallen, so hat man sich in all den Jahren daran gew\u00f6hnt mit Staates Hilfe gut zu leben. Mal abgesehen davon, dass ihnen nach Jahren der Unt\u00e4tigkeit niemand abkauft Fachkr\u00e4fte zu sein.<\/p>\n<p>Es wird kein energieautarkes Deutschland geben. Ich kann mir nicht vorstellen, dass der Mehrverbrauch an Energie durch Umstellung aller Autos und Heizungen auf Strom und die massive Zuwanderung in Habecks Milchm\u00e4dchenrechnung mit eingerechnet wird. Und wie man Menschen, die aus warmen L\u00e4ndern kommen, erkl\u00e4rt, dass sie ab nun im gelobten Land, wo Milch und Honig flie\u00dfen, frieren sollen, auch nicht, weshalb in den Unterk\u00fcnften und Wohnungen die Heizungen auf Volllast laufen, bei offenen Fenstern.<\/p>\n<p>Es ist erstaunlich, aber nachvollziehbar, wie mein Vertrauen seit den beiden zur\u00fcckliegenden Wahlperioden nicht nur geschrumpft ist, sondern sich sogar in das Gegenteil kehrte. Die Regierenden selbst haben daf\u00fcr gesorgt, dass ich ihnen aus tiefstem Herzen misstraue und jede Sauerei zutraue.<\/p>\n<p>Schaut man sich die Herkunft und die Lebensl\u00e4ufe an, sind lockere bis enge Bindungen aller Koaliet\u00f6re untereinander nicht zu \u00fcbersehen; als h\u00e4tte man eine homogene Schulklasse, wo man, wie in der DDR, von der 1. bis zur 10. Klasse in den B\u00e4nken nebeneinander sa\u00df und gemeinsam auf dem Schulhof abhing, geschlossen in den Bundestag gehievt. Eine Kr\u00e4he hackt der anderen kein Auge aus. Wo sind die Zeiten, da ein Herr wegen kleiner Fehler in seiner Doktorarbeit zur\u00fccktreten musste. Heute wird es zwar auch publik, aber ausgesessen.<\/p>\n<p>Zum Gl\u00fcck bin ich kein Patriot. Dieses Land ist mir schei\u00dfegal. Schon deshalb, weil ich es mir leisten kann; im Ernstfall sogar hier wegzugehen. Millionen aber k\u00f6nnen das nicht. Und hier erstaunt mich die Gleichg\u00fcltigkeit, die an den Tag gelegt wird. Egal, welche Last den B\u00fcrgern auferlegt werden, die meisten ertragen diese nicht nur, sie beugen sich freiwillig um sie auf Kreuz und Schultern zu tragen. Es scheint dem Deutschen inne zu sein Leid klaglos hinzunehmen, weil es ja h\u00e4tte noch schlimmer kommen k\u00f6nnen.<\/p>\n<p>Mich w\u00fcrde interessieren, ob sie auch bereit sind, S\u00f6hne und V\u00e4ter im Krieg zu opfern. Und warum eigentlich m\u00fcssen Frauen nicht k\u00e4mpfen? Im Rahmen der Gleichberechtigung sollten sie es. Sind es doch im besonderen deutsche Frauen, die auf Krieg bestehen; von der Leyen, Strack-Zimmermann, Baerbock.<\/p>\n<p>Faeser ist ja mehr f\u00fcr den Krieg im Inneren verantwortlich, in dem sie mutwillig und grob fahrl\u00e4ssig das Leben deutscher M\u00e4dchen und Frauen aufs Spiel setzt durch die unkontrollierte Zuwanderung vor allem junger M\u00e4nner aus Kulturen, wo das Leben von M\u00e4dchen und Frauen nur einen Wert besitzt, n\u00e4mlich den zum Geb\u00e4ren von S\u00f6hnen. Niemand bringt ihnen bei, das dies hier nicht so ist, dass das Leben hier noch einen Wert hat, auch wenn man nicht als Mann geboren wurde. Haben wir nicht schon genug zu tun mit unseren eigenen Straft\u00e4tern, das wir noch welche importieren? Warum setzt sich die deutsche Regierung nicht in den L\u00e4ndern, aus denen, warum auch immer, gefl\u00fcchtet wird, f\u00fcr Frieden und Wohlstand ein? Wem es gut geht, der muss nicht abhauen. Aber nein, der einzige Beitrag Deutschlands in Krisengebieten sind Waffen. Ich bin der Meinung, dass ein Land, in dem der Besitz von Waffen verboten ist, auch keine Waffen produzieren d\u00fcrfte. Und, eine Regierung sollte per Volksentscheid auch vorfristig wieder abgew\u00e4hlt werden k\u00f6nnen.<\/p>\n","protected":false},"excerpt":{"rendered":"<p>&nbsp; Geht man davon aus, dass die Menschen glauben, selbst an der Zusammensetzung der sie Regierenden beteiligt zu sein, stelle ich fest, das dem nicht so ist. Ausgehend von der Bundestagswahl 2021 liegt klar auf der Hand, r\u00fcckblickend auf die Versprechen von den Wahlplakaten herunter, man muss sich eingestehen, einer T\u00e4uschung aufgesessen zu sein. Aus [&hellip;]<\/p>\n","protected":false},"author":1,"featured_media":0,"comment_status":"closed","ping_status":"open","sticky":false,"template":"","format":"standard","meta":{"footnotes":""},"categories":[1],"tags":[98,76,80,95,93,63,78,86,97,87,96,60,47,75,91,73,94,92],"class_list":["post-168","post","type-post","status-publish","format-standard","hentry","category-uncategorized","tag-abgrund","tag-armut","tag-demokratie","tag-frauen","tag-frieden","tag-gas","tag-haus","tag-krieg","tag-maedchen","tag-matriarchat","tag-migranten","tag-politik","tag-regierung","tag-staat","tag-straftaeter","tag-waffen","tag-wahlbetrug","tag-wohlstand"],"_links":{"self":[{"href":"https:\/\/congerpirat.de\/ab-hier-geht-es-los\/wp-json\/wp\/v2\/posts\/168","targetHints":{"allow":["GET"]}}],"collection":[{"href":"https:\/\/congerpirat.de\/ab-hier-geht-es-los\/wp-json\/wp\/v2\/posts"}],"about":[{"href":"https:\/\/congerpirat.de\/ab-hier-geht-es-los\/wp-json\/wp\/v2\/types\/post"}],"author":[{"embeddable":true,"href":"https:\/\/congerpirat.de\/ab-hier-geht-es-los\/wp-json\/wp\/v2\/users\/1"}],"replies":[{"embeddable":true,"href":"https:\/\/congerpirat.de\/ab-hier-geht-es-los\/wp-json\/wp\/v2\/comments?post=168"}],"version-history":[{"count":1,"href":"https:\/\/congerpirat.de\/ab-hier-geht-es-los\/wp-json\/wp\/v2\/posts\/168\/revisions"}],"predecessor-version":[{"id":169,"href":"https:\/\/congerpirat.de\/ab-hier-geht-es-los\/wp-json\/wp\/v2\/posts\/168\/revisions\/169"}],"wp:attachment":[{"href":"https:\/\/congerpirat.de\/ab-hier-geht-es-los\/wp-json\/wp\/v2\/media?parent=168"}],"wp:term":[{"taxonomy":"category","embeddable":true,"href":"https:\/\/congerpirat.de\/ab-hier-geht-es-los\/wp-json\/wp\/v2\/categories?post=168"},{"taxonomy":"post_tag","embeddable":true,"href":"https:\/\/congerpirat.de\/ab-hier-geht-es-los\/wp-json\/wp\/v2\/tags?post=168"}],"curies":[{"name":"wp","href":"https:\/\/api.w.org\/{rel}","templated":true}]}}